{"id":70,"date":"2024-03-01T12:49:24","date_gmt":"2024-03-01T15:49:24","guid":{"rendered":"https:\/\/apsicologia.com.br\/?p=70"},"modified":"2024-06-20T12:02:27","modified_gmt":"2024-06-20T15:02:27","slug":"saude-mental-e-psicologia-uma-jornada-essencial-para-o-bem-estar","status":"publish","type":"post","link":"https:\/\/apsicologia.com.br\/?p=70","title":{"rendered":"Sa\u00fade Mental e Psicologia: Uma Jornada Essencial para o Bem-Estar"},"content":{"rendered":"\n<p><a target=\"_blank\" rel=\"noreferrer noopener\" href=\"https:\/\/issuu.com\/darresposta\/docs\/empregar_pessoas_com_pea_o_livro_pu\"><\/a><\/p>\n\n\n\n<p><a target=\"_blank\" rel=\"noreferrer noopener\" href=\"https:\/\/issuu.com\/darresposta\/docs\/empregar_pessoas_com_pea_o_livro_pu\"><\/a><a target=\"_blank\" rel=\"noreferrer noopener\" href=\"https:\/\/issuu.com\/darresposta\/docs\/empregar_pessoas_com_pea_o_livro_pu\"><\/a><\/p>\n\n\n\n<p><a target=\"_blank\" rel=\"noreferrer noopener\" href=\"https:\/\/vidaboa.net\/2014\/01\/21\/depressao-andando-no-escuro\/\"><\/a><\/p>\n\n\n\n<p><a target=\"_blank\" rel=\"noreferrer noopener\" href=\"https:\/\/vidaboa.net\/2014\/01\/21\/depressao-andando-no-escuro\/\"><\/a><a target=\"_blank\" rel=\"noreferrer noopener\" href=\"https:\/\/vidaboa.net\/2014\/01\/21\/depressao-andando-no-escuro\/\"><\/a><\/p>\n\n\n\n<h2 class=\"wp-block-heading\">Uma Jornada Essencial para o Bem-Estar<\/h2>\n\n\n\n<p><strong>Introdu\u00e7\u00e3o:<\/strong><\/p>\n\n\n\n<p>A sa\u00fade mental \u00e9 um estado de bem-estar no qual o indiv\u00edduo realiza suas capacidades cognitivas, emocionais e comportamentais. Ela permite que as pessoas lidem com os desafios da vida, construam rela\u00e7\u00f5es saud\u00e1veis e contribuam para a sociedade. A psicologia, por sua vez, \u00e9 a ci\u00eancia que estuda o comportamento e os processos mentais, buscando compreender como as pessoas pensam, sentem e agem.<\/p>\n\n\n\n<p><strong>A Import\u00e2ncia da Sa\u00fade Mental:<\/strong><\/p>\n\n\n\n<p>Cuidar da sa\u00fade mental \u00e9 fundamental para o bem-estar geral do indiv\u00edduo. Uma boa sa\u00fade mental permite:<\/p>\n\n\n\n<ul class=\"wp-block-list\">\n<li><strong>Ter mais qualidade de vida:<\/strong>&nbsp;Sentir-se bem consigo mesmo e com o mundo ao seu redor, ter relacionamentos saud\u00e1veis e ser capaz de realizar seus objetivos.<\/li>\n\n\n\n<li><strong>Ser mais produtivo:<\/strong>&nbsp;Ter mais energia, foco e concentra\u00e7\u00e3o para realizar suas atividades.<\/li>\n\n\n\n<li><strong>Lidar com os desafios da vida:<\/strong>&nbsp;Ter resili\u00eancia para enfrentar as dificuldades e superar os obst\u00e1culos.<\/li>\n\n\n\n<li><strong>Contribuir para a sociedade:<\/strong>&nbsp;Ser um membro ativo e produtivo da comunidade.<\/li>\n<\/ul>\n\n\n\n<p><strong>Fatores que Influenciam a Sa\u00fade Mental:<\/strong><\/p>\n\n\n\n<p>A sa\u00fade mental \u00e9 influenciada por diversos fatores, como:<\/p>\n\n\n\n<ul class=\"wp-block-list\">\n<li><strong>Fatores biol\u00f3gicos:<\/strong>&nbsp;Gen\u00e9tica, doen\u00e7as f\u00edsicas, uso de subst\u00e2ncias.<\/li>\n\n\n\n<li><strong>Fatores psicol\u00f3gicos:<\/strong>&nbsp;Traumas, pensamentos negativos, baixa autoestima.<\/li>\n\n\n\n<li><strong>Fatores sociais:<\/strong>&nbsp;Desigualdade social, pobreza, viol\u00eancia, discrimina\u00e7\u00e3o.<\/li>\n<\/ul>\n\n\n\n<p><strong>Problemas de Sa\u00fade Mental:<\/strong><\/p>\n\n\n\n<p>Os problemas de sa\u00fade mental s\u00e3o comuns e afetam pessoas de todas as idades, ra\u00e7as, sexos e classes sociais. Alguns dos problemas mais comuns s\u00e3o:<\/p>\n\n\n\n<ul class=\"wp-block-list\">\n<li><strong>Ansiedade:<\/strong>&nbsp;Preocupa\u00e7\u00e3o excessiva e persistente.<\/li>\n\n\n\n<li><strong>Depress\u00e3o:<\/strong>&nbsp;Tristeza profunda e persistente.<\/li>\n\n\n\n<li><strong>Transtorno bipolar:<\/strong>&nbsp;Oscila\u00e7\u00f5es extremas de humor.<\/li>\n\n\n\n<li><strong>Transtornos de personalidade:<\/strong>&nbsp;Padr\u00f5es de comportamento inflex\u00edveis e prejudiciais.<\/li>\n\n\n\n<li><strong>Transtornos alimentares:<\/strong>&nbsp;Dist\u00farbios na rela\u00e7\u00e3o com a comida e o corpo.<\/li>\n\n\n\n<li><strong>Transtornos de uso de subst\u00e2ncias:<\/strong>&nbsp;Abuso de drogas e \u00e1lcool.<\/li>\n<\/ul>\n\n\n\n<p><strong>Psicologia e o Tratamento dos Problemas de Sa\u00fade Mental:<\/strong><\/p>\n\n\n\n<p>A psicologia oferece diversas abordagens para o tratamento dos problemas de sa\u00fade mental, como:<\/p>\n\n\n\n<ul class=\"wp-block-list\">\n<li><strong>Psicoterapia:<\/strong>&nbsp;Terapia individual, em grupo ou familiar.<\/li>\n\n\n\n<li><strong>Terapia cognitivo-comportamental:<\/strong>&nbsp;Modifica\u00e7\u00e3o de pensamentos e comportamentos negativos.<\/li>\n\n\n\n<li><strong>Terapia medicamentosa:<\/strong>&nbsp;Uso de medicamentos para aliviar sintomas.<\/li>\n\n\n\n<li><strong>Psican\u00e1lise:<\/strong>&nbsp;Explora\u00e7\u00e3o do inconsciente e de seus efeitos na vida do indiv\u00edduo.<\/li>\n<\/ul>\n\n\n\n<p><strong>Promo\u00e7\u00e3o da Sa\u00fade Mental:<\/strong><\/p>\n\n\n\n<p>\u00c9 poss\u00edvel promover a sa\u00fade mental atrav\u00e9s de:<\/p>\n\n\n\n<ul class=\"wp-block-list\">\n<li><strong>Pr\u00e1tica de atividade f\u00edsica:<\/strong>&nbsp;Exerc\u00edcios f\u00edsicos regulares melhoram o humor e reduzem o estresse.<\/li>\n\n\n\n<li><strong>Alimenta\u00e7\u00e3o saud\u00e1vel:<\/strong>&nbsp;Uma dieta equilibrada fornece nutrientes essenciais para o c\u00e9rebro.<\/li>\n\n\n\n<li><strong>Sono regular:<\/strong>&nbsp;Dormir bem \u00e9 essencial para a sa\u00fade mental e f\u00edsica.<\/li>\n\n\n\n<li><strong>Cultivar relacionamentos saud\u00e1veis:<\/strong>&nbsp;Manter rela\u00e7\u00f5es positivas com amigos e familiares \u00e9 importante para o bem-estar.<\/li>\n\n\n\n<li><strong>Praticar t\u00e9cnicas de relaxamento:<\/strong>&nbsp;Medita\u00e7\u00e3o, yoga e mindfulness podem ajudar a reduzir o estresse e a ansiedade.<\/li>\n\n\n\n<li><strong>Procurar ajuda profissional:<\/strong>&nbsp;Se voc\u00ea est\u00e1 enfrentando problemas de sa\u00fade mental, procure ajuda de um profissional qualificado.<\/li>\n<\/ul>\n\n\n\n<p><strong>Conclus\u00e3o:<\/strong><\/p>\n\n\n\n<p>Cuidar da sa\u00fade mental \u00e9 essencial para o bem-estar geral do indiv\u00edduo. A psicologia oferece diversas ferramentas para o tratamento dos problemas de sa\u00fade mental e para a promo\u00e7\u00e3o da sa\u00fade mental.<\/p>\n\n\n\n<p><strong>Refer\u00eancias Bibliogr\u00e1ficas:<\/strong><\/p>\n\n\n\n<ul class=\"wp-block-list\">\n<li>American Psychiatric Association. (2013). Diagnostic and statistical manual of mental disorders&nbsp;(5th ed.). Arlington, VA: American Psychiatric Publishing.<\/li>\n\n\n\n<li>Minist\u00e9rio da Sa\u00fade. (2018).&nbsp;Pol\u00edtica Nacional de Sa\u00fade Mental. Bras\u00edlia: Minist\u00e9rio da Sa\u00fade.<\/li>\n\n\n\n<li>World Health Organization. (2022). Mental health. Retrieved from&nbsp;<a target=\"_blank\" rel=\"noreferrer noopener\" href=\"https:\/\/www.who.int\/mental_health\/en\/\">https:\/\/www.who.int\/mental_health\/en\/<\/a><\/li>\n<\/ul>\n\n\n\n<p><strong>Observa\u00e7\u00f5es:<\/strong><\/p>\n\n\n\n<ul class=\"wp-block-list\">\n<li>Este texto \u00e9 apenas um ponto de partida para a sua pesquisa sobre sa\u00fade mental e psicologia.<\/li>\n\n\n\n<li>\u00c9 importante consultar outras fontes de informa\u00e7\u00e3o para aprofundar seus conhecimentos sobre o tema.<\/li>\n\n\n\n<li>Se voc\u00ea est\u00e1 enfrentando problemas de sa\u00fade mental, procure ajuda de um profissional qualificado.<\/li>\n<\/ul>\n","protected":false},"excerpt":{"rendered":"<p>Uma Jornada Essencial para o Bem-Estar Introdu\u00e7\u00e3o: A sa\u00fade mental \u00e9 um estado de bem-estar no qual o indiv\u00edduo realiza suas capacidades cognitivas, emocionais e comportamentais. Ela permite que as pessoas lidem com os desafios da vida, construam rela\u00e7\u00f5es saud\u00e1veis e contribuam para a sociedade. A psicologia, por sua vez, \u00e9 a ci\u00eancia que estuda &hellip; <a href=\"https:\/\/apsicologia.com.br\/?p=70\" class=\"more-link\">Continue lendo <span class=\"screen-reader-text\">Sa\u00fade Mental e Psicologia: Uma Jornada Essencial para o Bem-Estar<\/span> <span class=\"meta-nav\">&rarr;<\/span><\/a><\/p>\n","protected":false},"author":1,"featured_media":0,"comment_status":"closed","ping_status":"open","sticky":false,"template":"","format":"standard","meta":{"footnotes":""},"categories":[1],"tags":[],"class_list":["post-70","post","type-post","status-publish","format-standard","hentry","category-blog"],"brizy_media":[],"_links":{"self":[{"href":"https:\/\/apsicologia.com.br\/index.php?rest_route=\/wp\/v2\/posts\/70","targetHints":{"allow":["GET"]}}],"collection":[{"href":"https:\/\/apsicologia.com.br\/index.php?rest_route=\/wp\/v2\/posts"}],"about":[{"href":"https:\/\/apsicologia.com.br\/index.php?rest_route=\/wp\/v2\/types\/post"}],"author":[{"embeddable":true,"href":"https:\/\/apsicologia.com.br\/index.php?rest_route=\/wp\/v2\/users\/1"}],"replies":[{"embeddable":true,"href":"https:\/\/apsicologia.com.br\/index.php?rest_route=%2Fwp%2Fv2%2Fcomments&post=70"}],"version-history":[{"count":1,"href":"https:\/\/apsicologia.com.br\/index.php?rest_route=\/wp\/v2\/posts\/70\/revisions"}],"predecessor-version":[{"id":71,"href":"https:\/\/apsicologia.com.br\/index.php?rest_route=\/wp\/v2\/posts\/70\/revisions\/71"}],"wp:attachment":[{"href":"https:\/\/apsicologia.com.br\/index.php?rest_route=%2Fwp%2Fv2%2Fmedia&parent=70"}],"wp:term":[{"taxonomy":"category","embeddable":true,"href":"https:\/\/apsicologia.com.br\/index.php?rest_route=%2Fwp%2Fv2%2Fcategories&post=70"},{"taxonomy":"post_tag","embeddable":true,"href":"https:\/\/apsicologia.com.br\/index.php?rest_route=%2Fwp%2Fv2%2Ftags&post=70"}],"curies":[{"name":"wp","href":"https:\/\/api.w.org\/{rel}","templated":true}]}}